{"id":962,"date":"2010-10-19T12:40:29","date_gmt":"2010-10-19T11:40:29","guid":{"rendered":"http:\/\/www.ff-frechen-film.de\/?p=962"},"modified":"2010-10-19T12:57:51","modified_gmt":"2010-10-19T11:57:51","slug":"das-programm-fur-november-und-dezember-2010-steht-fest","status":"publish","type":"post","link":"https:\/\/www.frechen-film.de\/?p=962","title":{"rendered":"Das Programm f\u00fcr November und Dezember 2010 steht fest!"},"content":{"rendered":"<p>Das Programm f\u00fcr die beiden letzten Monate des Jahres ist komplett.<br \/>\nFreuen Sie sich auf romantische Stunden<strong> (&#8222;Briefe an Julia&#8220;, &#8222;Wie durch ein Wunder&#8220;)<\/strong> oder knallharte Action <strong>(&#8222;The American&#8220;, &#8222;The Town&#8220;)<\/strong>.<br \/>\nWer es lieber d\u00fcster mag, kommt sicherlich bei <strong>&#8222;The Road&#8220;<\/strong> auf seine Kosten. Biografisches gibt es mit <strong>&#8222;Max Schmeling&#8220;. &#8222;Bal &#8211; Honig&#8220;<\/strong> bietet neben einer ber\u00fchrenden Vater-Sohn-Geschichte wundersch\u00f6ne Landschaftsaufnahmen aus Anatolien. Und mit unserem Weihnachtsklassiker <strong>&#8222;Das Leben des Brian&#8220;<\/strong> kann man das Jahr auf der &#8222;Bright side of life&#8220; beenden.<\/p>\n<p>Besonders m\u00f6chten wir Sie jedoch auf unseren Film am 24.11.2010 aufmerksam machen. <strong>&#8222;Die Fremde&#8220;<\/strong> ist nicht nur der deutsche Filmbeitrag im Rennen um eine Nominierung zum Oscar f\u00fcr den besten ausl\u00e4ndischen Film, er wurde von uns au\u00dferdem in Zusammenarbeit mit der Gleichstellungsbeauftragten der Stadt Frechen ausgew\u00e4hlt, um auf den j\u00e4hrlich am 25. November stattfindenden internationalen Gedenktag <strong>&#8222;Nein zu Gewalt gegen Frauen&#8220;<\/strong> aufmerksam zu machen.<\/p>\n<p>F\u00fcr die kleinen Zuschauer gibt es am 5. Dezember wieder Kinderkino, diesmal mit <strong>&#8222;Ponyo &#8211; Das gro\u00dfe Abenteuer am Meer&#8220;.<\/strong><\/p>\n<p>Die genauen Infos zu den Filmen gibt es wie immer auf der <a href=\"http:\/\/www.frechen-film.de\/\" target=\"_blank\">Programmseite<\/a> und auf der <a href=\"http:\/\/www.ff-frechen-film.de\/?page_id=133\" target=\"_blank\">Kinderprogrammseite<\/a>.<\/p>\n","protected":false},"excerpt":{"rendered":"<p>Das Programm f\u00fcr die beiden letzten Monate des Jahres ist komplett. Freuen Sie sich auf romantische Stunden (&#8222;Briefe an Julia&#8220;, &#8222;Wie durch ein Wunder&#8220;) oder knallharte Action (&#8222;The American&#8220;, &#8222;The Town&#8220;). Wer es lieber d\u00fcster mag, kommt sicherlich bei &#8222;The Road&#8220; auf seine Kosten. Biografisches gibt es mit &#8222;Max Schmeling&#8220;. &#8222;Bal &#8211; Honig&#8220; bietet neben [&#8230;]<\/p>\n","protected":false},"author":6,"featured_media":0,"comment_status":"open","ping_status":"open","sticky":false,"template":"","format":"standard","meta":{"footnotes":""},"categories":[1,20,10,8],"tags":[],"class_list":["post-962","post","type-post","status-publish","format-standard","hentry","category-allgemeines","category-kinderfilmprogramm","category-kinoprogramm","category-mittwoch-kino","odd"],"_links":{"self":[{"href":"https:\/\/www.frechen-film.de\/index.php?rest_route=\/wp\/v2\/posts\/962","targetHints":{"allow":["GET"]}}],"collection":[{"href":"https:\/\/www.frechen-film.de\/index.php?rest_route=\/wp\/v2\/posts"}],"about":[{"href":"https:\/\/www.frechen-film.de\/index.php?rest_route=\/wp\/v2\/types\/post"}],"author":[{"embeddable":true,"href":"https:\/\/www.frechen-film.de\/index.php?rest_route=\/wp\/v2\/users\/6"}],"replies":[{"embeddable":true,"href":"https:\/\/www.frechen-film.de\/index.php?rest_route=%2Fwp%2Fv2%2Fcomments&post=962"}],"version-history":[{"count":4,"href":"https:\/\/www.frechen-film.de\/index.php?rest_route=\/wp\/v2\/posts\/962\/revisions"}],"predecessor-version":[{"id":964,"href":"https:\/\/www.frechen-film.de\/index.php?rest_route=\/wp\/v2\/posts\/962\/revisions\/964"}],"wp:attachment":[{"href":"https:\/\/www.frechen-film.de\/index.php?rest_route=%2Fwp%2Fv2%2Fmedia&parent=962"}],"wp:term":[{"taxonomy":"category","embeddable":true,"href":"https:\/\/www.frechen-film.de\/index.php?rest_route=%2Fwp%2Fv2%2Fcategories&post=962"},{"taxonomy":"post_tag","embeddable":true,"href":"https:\/\/www.frechen-film.de\/index.php?rest_route=%2Fwp%2Fv2%2Ftags&post=962"}],"curies":[{"name":"wp","href":"https:\/\/api.w.org\/{rel}","templated":true}]}}