{"id":1329,"date":"2012-08-06T12:42:57","date_gmt":"2012-08-06T11:42:57","guid":{"rendered":"http:\/\/www.ff-frechen-film.de\/?p=1329"},"modified":"2012-08-06T12:42:57","modified_gmt":"2012-08-06T11:42:57","slug":"das-programm-fur-septemberoktober-2012-ist-online","status":"publish","type":"post","link":"https:\/\/www.frechen-film.de\/?p=1329","title":{"rendered":"Das Programm f\u00fcr September\/Oktober 2012 ist online"},"content":{"rendered":"<p>Das Frechen-Film-Programm f\u00fcr September\/Oktober 2012 steht fest und hat wieder Filme aus verschiedenen Genres und L\u00e4ndern parat. Filme aus Deutschland (Bis zum Horizont, dann links), Gro\u00dfbritannien (W.\/E.), Frankreich (Der Vorname), Belgien (Hasta la vista), China (Der Seidenf\u00e4cher) und USA, die Genres gehen von der Dokumentation (Woody Allen &#8211; A Documentary) \u00fcber Musical (Rock of Ages), K\u00fcnstler-Biopic (Pollock)\u00a0 bis zum Selbstfindungstrip (Dein Weg), so dass f\u00fcr jeden Zuschauer der passende Film darunter sein sollte.<\/p>\n<p>F\u00fcr die Kleinen haben wir den neuen Janosch-Film &#8222;Komm, wir finden einen Schatz!&#8220; und &#8222;Der Lorax&#8220; ausgew\u00e4hlt. Dar\u00fcber hinaus wird in den Herbstferien wieder die traditionelle Kinderfilmwoche stattfinden. Die Filme dazu geben wir in K\u00fcrze bekannt.<\/p>\n<p>Alle Infos zum Mittwochsprogramm finden Sie<a href=\"http:\/\/www.ff-frechen-film.de\"> HIER,<\/a> die Details zu den Kinderfilmen gibt es <a href=\"http:\/\/www.ff-frechen-film.de\/?page_id=133\" target=\"_blank\">HIER. <\/a><\/p>\n","protected":false},"excerpt":{"rendered":"<p>Das Frechen-Film-Programm f\u00fcr September\/Oktober 2012 steht fest und hat wieder Filme aus verschiedenen Genres und L\u00e4ndern parat. Filme aus Deutschland (Bis zum Horizont, dann links), Gro\u00dfbritannien (W.\/E.), Frankreich (Der Vorname), Belgien (Hasta la vista), China (Der Seidenf\u00e4cher) und USA, die Genres gehen von der Dokumentation (Woody Allen &#8211; A Documentary) \u00fcber Musical (Rock of Ages), [&#8230;]<\/p>\n","protected":false},"author":6,"featured_media":0,"comment_status":"open","ping_status":"open","sticky":false,"template":"","format":"standard","meta":{"footnotes":""},"categories":[20,8],"tags":[],"class_list":["post-1329","post","type-post","status-publish","format-standard","hentry","category-kinderfilmprogramm","category-mittwoch-kino","odd"],"_links":{"self":[{"href":"https:\/\/www.frechen-film.de\/index.php?rest_route=\/wp\/v2\/posts\/1329","targetHints":{"allow":["GET"]}}],"collection":[{"href":"https:\/\/www.frechen-film.de\/index.php?rest_route=\/wp\/v2\/posts"}],"about":[{"href":"https:\/\/www.frechen-film.de\/index.php?rest_route=\/wp\/v2\/types\/post"}],"author":[{"embeddable":true,"href":"https:\/\/www.frechen-film.de\/index.php?rest_route=\/wp\/v2\/users\/6"}],"replies":[{"embeddable":true,"href":"https:\/\/www.frechen-film.de\/index.php?rest_route=%2Fwp%2Fv2%2Fcomments&post=1329"}],"version-history":[{"count":1,"href":"https:\/\/www.frechen-film.de\/index.php?rest_route=\/wp\/v2\/posts\/1329\/revisions"}],"predecessor-version":[{"id":1330,"href":"https:\/\/www.frechen-film.de\/index.php?rest_route=\/wp\/v2\/posts\/1329\/revisions\/1330"}],"wp:attachment":[{"href":"https:\/\/www.frechen-film.de\/index.php?rest_route=%2Fwp%2Fv2%2Fmedia&parent=1329"}],"wp:term":[{"taxonomy":"category","embeddable":true,"href":"https:\/\/www.frechen-film.de\/index.php?rest_route=%2Fwp%2Fv2%2Fcategories&post=1329"},{"taxonomy":"post_tag","embeddable":true,"href":"https:\/\/www.frechen-film.de\/index.php?rest_route=%2Fwp%2Fv2%2Ftags&post=1329"}],"curies":[{"name":"wp","href":"https:\/\/api.w.org\/{rel}","templated":true}]}}